{"id":1915,"date":"2023-08-02T14:28:55","date_gmt":"2023-08-02T14:28:55","guid":{"rendered":"https:\/\/speculum.labcom.ubi.pt\/?p=1915"},"modified":"2023-08-02T14:28:55","modified_gmt":"2023-08-02T14:28:55","slug":"margarida-pereira","status":"publish","type":"post","link":"https:\/\/speculum.labcom.ubi.pt\/en\/margarida-pereira\/","title":{"rendered":"Margarida Pereira"},"content":{"rendered":"<p>Associate Professor at the University of Minho (Portugal), where she is a lecturer in the Department of English and North-American Studies. Currently, she is Vice-Dean of the School of Arts and Humanities and deputy director of the Centre for Humanistic Studies. Her research focusses on Literary Studies (modernist and contemporary literature), as well as on Film Studies, with a focus on Gender and Women\u2019s Studies. She is the author of two books and of several book chapters and journal articles in her areas of interest. Her most recent published work includes the co-edition of the books <em>Mulheres, artes e ditadura: di\u00e1logos interart\u00edsticos e narrativas da mem\u00f3ria<\/em> (Braga, 2022) and <em>Connecting Women: National and International Networks during the Long Nineteenth Century<\/em> (Washington, 2021). <a href=\"https:\/\/orcid.org\/0000-0002-2189-7457\">https:\/\/orcid.org\/0000-0002-2189-7457<\/a> and <a href=\"https:\/\/www.cienciavitae.pt\/en\/C21B-24F0-A4B1\">https:\/\/www.cienciavitae.pt\/\/en\/C21B-24F0-A4B1<\/a>.<\/p>","protected":false},"excerpt":{"rendered":"<p>Professora Associada na Universidade do Minho (Portugal), onde leciona no Departamento de Estudos Ingleses e Norte-Americanos. Atualmente, \u00e9 Vice-presidente da Escola de Letras, Artes e Ci\u00eancias Humanas e diretora adjunta do Centro de Estudos Human\u00edsticos. A sua investiga\u00e7\u00e3o incide sobre os Estudos Liter\u00e1rios (literatura modernista e contempor\u00e2nea), assim como sobre os Estudos de Cinema, com [&hellip;]<\/p>","protected":false},"author":1,"featured_media":1916,"comment_status":"closed","ping_status":"open","sticky":false,"template":"","format":"standard","meta":{"inline_featured_image":false,"footnotes":""},"categories":[7],"tags":[],"_links":{"self":[{"href":"https:\/\/speculum.labcom.ubi.pt\/en\/wp-json\/wp\/v2\/posts\/1915"}],"collection":[{"href":"https:\/\/speculum.labcom.ubi.pt\/en\/wp-json\/wp\/v2\/posts"}],"about":[{"href":"https:\/\/speculum.labcom.ubi.pt\/en\/wp-json\/wp\/v2\/types\/post"}],"author":[{"embeddable":true,"href":"https:\/\/speculum.labcom.ubi.pt\/en\/wp-json\/wp\/v2\/users\/1"}],"replies":[{"embeddable":true,"href":"https:\/\/speculum.labcom.ubi.pt\/en\/wp-json\/wp\/v2\/comments?post=1915"}],"version-history":[{"count":1,"href":"https:\/\/speculum.labcom.ubi.pt\/en\/wp-json\/wp\/v2\/posts\/1915\/revisions"}],"predecessor-version":[{"id":1917,"href":"https:\/\/speculum.labcom.ubi.pt\/en\/wp-json\/wp\/v2\/posts\/1915\/revisions\/1917"}],"wp:featuredmedia":[{"embeddable":true,"href":"https:\/\/speculum.labcom.ubi.pt\/en\/wp-json\/wp\/v2\/media\/1916"}],"wp:attachment":[{"href":"https:\/\/speculum.labcom.ubi.pt\/en\/wp-json\/wp\/v2\/media?parent=1915"}],"wp:term":[{"taxonomy":"category","embeddable":true,"href":"https:\/\/speculum.labcom.ubi.pt\/en\/wp-json\/wp\/v2\/categories?post=1915"},{"taxonomy":"post_tag","embeddable":true,"href":"https:\/\/speculum.labcom.ubi.pt\/en\/wp-json\/wp\/v2\/tags?post=1915"}],"curies":[{"name":"wp","href":"https:\/\/api.w.org\/{rel}","templated":true}]}}