{"id":742,"date":"2022-11-24T10:41:12","date_gmt":"2022-11-24T10:41:12","guid":{"rendered":"https:\/\/speculum.labcom.ubi.pt\/?p=742"},"modified":"2023-08-02T14:27:36","modified_gmt":"2023-08-02T14:27:36","slug":"silvia-wichan","status":"publish","type":"post","link":"https:\/\/speculum.labcom.ubi.pt\/en\/silvia-wichan\/","title":{"rendered":"S\u00edlvia Wichan"},"content":{"rendered":"<p>S\u00edlvia Wichan holds a master\u2019s degree in Lusophone Studies from the Arts and Letters Faculty of the Beira Interior University. She participates as a researcher in the Scientific Research Unit of the Arts and Letters Faculty of the Beira Interior University (LabCom) and in the project &quot;SPECULUM \u2013 Filming and seeing yourself in the mirror: the self-writing use by Portuguese language documentarists&quot;. She has a degree in Modern Languages\/Literature (Portuguese\/English) from the University of Coimbra (PT)\/Est\u00e1cio de S\u00e1 (BR) and has worked as a teacher and trainer of these subjects in the Primary, Secondary and Adult Education segments. She has collaborated with many cultural projects, presented online tertulia in partnership with UBI&#039;s Commission for Equality and works in textual revision and production. Her research interests focus on Portuguese literature and culture, art history, feminist studies, multidisciplinary, arts pedagogy and philosophy.<\/p>","protected":false},"excerpt":{"rendered":"<p>S\u00edlvia Wichan \u00e9 mestre em Estudos Lus\u00f3fonos pela Faculdade de Artes e Letras da Universidade da Beira Interior. Participa como investigadora na Unidade de Investiga\u00e7\u00e3o Cient\u00edfica da Faculdade de Artes e Letras da Universidade da Beira Interior (LabCom) e tamb\u00e9m no projeto \u201cSPECULUM \u2013 Filmar-se e ver-se ao espelho: o uso da escrita de si [&hellip;]<\/p>","protected":false},"author":1,"featured_media":491,"comment_status":"open","ping_status":"open","sticky":false,"template":"","format":"standard","meta":{"inline_featured_image":false,"footnotes":""},"categories":[7],"tags":[],"_links":{"self":[{"href":"https:\/\/speculum.labcom.ubi.pt\/en\/wp-json\/wp\/v2\/posts\/742"}],"collection":[{"href":"https:\/\/speculum.labcom.ubi.pt\/en\/wp-json\/wp\/v2\/posts"}],"about":[{"href":"https:\/\/speculum.labcom.ubi.pt\/en\/wp-json\/wp\/v2\/types\/post"}],"author":[{"embeddable":true,"href":"https:\/\/speculum.labcom.ubi.pt\/en\/wp-json\/wp\/v2\/users\/1"}],"replies":[{"embeddable":true,"href":"https:\/\/speculum.labcom.ubi.pt\/en\/wp-json\/wp\/v2\/comments?post=742"}],"version-history":[{"count":2,"href":"https:\/\/speculum.labcom.ubi.pt\/en\/wp-json\/wp\/v2\/posts\/742\/revisions"}],"predecessor-version":[{"id":1911,"href":"https:\/\/speculum.labcom.ubi.pt\/en\/wp-json\/wp\/v2\/posts\/742\/revisions\/1911"}],"wp:featuredmedia":[{"embeddable":true,"href":"https:\/\/speculum.labcom.ubi.pt\/en\/wp-json\/wp\/v2\/media\/491"}],"wp:attachment":[{"href":"https:\/\/speculum.labcom.ubi.pt\/en\/wp-json\/wp\/v2\/media?parent=742"}],"wp:term":[{"taxonomy":"category","embeddable":true,"href":"https:\/\/speculum.labcom.ubi.pt\/en\/wp-json\/wp\/v2\/categories?post=742"},{"taxonomy":"post_tag","embeddable":true,"href":"https:\/\/speculum.labcom.ubi.pt\/en\/wp-json\/wp\/v2\/tags?post=742"}],"curies":[{"name":"wp","href":"https:\/\/api.w.org\/{rel}","templated":true}]}}